{"id":1404,"date":"2020-04-07T21:54:40","date_gmt":"2020-04-07T21:54:40","guid":{"rendered":"http:\/\/www.vintagefiets.be\/?p=1404"},"modified":"2023-07-25T13:39:37","modified_gmt":"2023-07-25T13:39:37","slug":"de-6de-tour-de-france-van-eddy-merckx","status":"publish","type":"post","link":"https:\/\/www.vintagefiets.be\/en\/de-6de-tour-de-france-van-eddy-merckx\/","title":{"rendered":"Eddy Merckx's 6th Tour de France"},"content":{"rendered":"<p>The 1975 Tour de France had to be one big triumph for Eddy Merckx. He was in top condition and would win this race for the 6th time, thereby beating the record of Jacques Anquetil.<\/p>\n<p><a href=\"https:\/\/partner.bol.com\/click\/click?p=2&amp;t=url&amp;s=35051&amp;f=TXL&amp;url=https%3A%2F%2Fwww.bol.com%2Fnl%2Ff%2Feddy-merckx-525%2F9200000049209893%2F&amp;name=Eddy%20Merckx%20Beat%20The%20Road%3A%20525%20victories%2C%20Karl...\">Eddy Merckx<\/a> had won in spring <strong>Milaan Sanremo<\/strong>, <strong>de Ronde van Vlaanderen, de Amstel Gold Race<\/strong> and of course <strong>Luik Bastenaken Luik<\/strong> He himself admitted that he was in great shape and ready to win both the Giro d'Italia and the Tour de France again.<\/p>\n<p>In the Tour of Flanders he had even driven 100km with a dying Frans Verbeeck in his wheel. Verbeeck's response to Fred De Bruyne after the arrival therefore said everything. <i>\u201cIt is unbelievable Fred how Eddy drives. You cannot say that. Gosh, I suffered so much. You must say it as it is\u2026 He drives five miles per hour too fast for us. I do not know what that is. He drives once as fast as last year. \"<\/i><\/p>\n<div id=\"attachment_1410\" style=\"width: 1930px\" class=\"wp-caption alignnone\"><a href=\"http:\/\/www.vintagefiets.be\/wp-content\/uploads\/2020\/04\/Eddy-Merckx-en-Frans-Verbeek-Ronde-Van-Vlaanderen-1975.jpg\"><img loading=\"lazy\" decoding=\"async\" aria-describedby=\"caption-attachment-1410\" class=\"size-full wp-image-1410\" src=\"http:\/\/www.vintagefiets.be\/wp-content\/uploads\/2020\/04\/Eddy-Merckx-en-Frans-Verbeek-Ronde-Van-Vlaanderen-1975.jpg\" alt=\"\" width=\"1920\" height=\"1080\" srcset=\"https:\/\/www.vintagefiets.be\/wp-content\/uploads\/2020\/04\/Eddy-Merckx-en-Frans-Verbeek-Ronde-Van-Vlaanderen-1975.jpg 1920w, https:\/\/www.vintagefiets.be\/wp-content\/uploads\/2020\/04\/Eddy-Merckx-en-Frans-Verbeek-Ronde-Van-Vlaanderen-1975-300x169.jpg 300w, https:\/\/www.vintagefiets.be\/wp-content\/uploads\/2020\/04\/Eddy-Merckx-en-Frans-Verbeek-Ronde-Van-Vlaanderen-1975-1024x576.jpg 1024w, https:\/\/www.vintagefiets.be\/wp-content\/uploads\/2020\/04\/Eddy-Merckx-en-Frans-Verbeek-Ronde-Van-Vlaanderen-1975-768x432.jpg 768w, https:\/\/www.vintagefiets.be\/wp-content\/uploads\/2020\/04\/Eddy-Merckx-en-Frans-Verbeek-Ronde-Van-Vlaanderen-1975-1536x864.jpg 1536w, https:\/\/www.vintagefiets.be\/wp-content\/uploads\/2020\/04\/Eddy-Merckx-en-Frans-Verbeek-Ronde-Van-Vlaanderen-1975-1080x608.jpg 1080w\" sizes=\"auto, (max-width: 1920px) 100vw, 1920px\" \/><\/a><p id=\"caption-attachment-1410\" class=\"wp-caption-text\">Eddy Merckx and Frans Verbeeck after the arrival of the 1975 Tour of Flanders<\/p><\/div>\n<h2><strong>Dauphin\u00e9 Lib\u00e9r\u00e9 and not the Giro d\u2019Italia<\/strong><\/h2>\n<p>Due to a throat infection in a race in Denmark, Eddy Merckx had to cancel the Giro d'Italia, much to the dismay of the organizers and the numerous Italian tifosi who wanted to see their cycling hero.<\/p>\n<p>In preparation for the Tour de France, Eddy Merckx decided to participate in the Dauphin\u00e9 Lib\u00e9r\u00e9 and probably for the 1st time in his career not with ambitions to win this mini tour de France but only to get ready for the Tour from France.<\/p>\n<p>The winner was Bernard Th\u00e9venet who was more than 10 minutes ahead of Merckx who became 10th in the 1975 edition. From this victory Th\u00e9venet got courage but especially his sports director Maurice de Muer who told him that if he reached the high mountains in the Tour with less than 3 minutes behind Merckx he would win the Tour.<\/p>\n<p>Th\u00e9venet and his team leader had seen another Merckx in the Dauphin\u00e9 Lib\u00e9r\u00e9, no longer a superman but a cyclist like any other. Therefore Th\u00e9venet started with a lot of ambition at the start of the 1975 Tour de France.<\/p>\n<h2><strong>2nd in the prologue after Moser<\/strong><\/h2>\n<p>The Tour de France starts well for Merckx, in the prologue he is second after the young Italian rider Francesco Moser with whom he makes a pact: Moser was allowed to stay in yellow up to the first mountains but had to race with Merckx as hard as possible so that Merckx could take as much time as possible on its main opponents.<\/p>\n<p>Before the mountains he is therefore almost 3 minutes ahead of Bernard Th\u00e9venet whose plan was successful, after all, he was less than 3 minutes behind Merckx and the victory was still possible.<\/p>\n<h2><strong>Stroke in the liver during the climb of the Puy-de-D\u00f4me<\/strong><\/h2>\n<p>During the 14th stage, the climb of the Puy-de-D\u00f4me is on the program, a climb that Merckx doesn't like because it is rather short and steep. As expected, Th\u00e9venet attacks but Merckx can limit the damage to 30 seconds until he gets a punch in the liver by a French supporter who is tired of Merckx's supremacy.<\/p>\n<div id=\"attachment_1411\" style=\"width: 621px\" class=\"wp-caption aligncenter\"><a href=\"http:\/\/www.vintagefiets.be\/wp-content\/uploads\/2020\/04\/Eddy-Merckx-Tour-de-France-1975-slag-in-lever.png\"><img loading=\"lazy\" decoding=\"async\" aria-describedby=\"caption-attachment-1411\" class=\"size-full wp-image-1411\" src=\"http:\/\/www.vintagefiets.be\/wp-content\/uploads\/2020\/04\/Eddy-Merckx-Tour-de-France-1975-slag-in-lever.png\" alt=\"Eddy Merckx Tour de France 1975 slag in lever\" width=\"611\" height=\"356\" srcset=\"https:\/\/www.vintagefiets.be\/wp-content\/uploads\/2020\/04\/Eddy-Merckx-Tour-de-France-1975-slag-in-lever.png 611w, https:\/\/www.vintagefiets.be\/wp-content\/uploads\/2020\/04\/Eddy-Merckx-Tour-de-France-1975-slag-in-lever-300x175.png 300w\" sizes=\"auto, (max-width: 611px) 100vw, 611px\" \/><\/a><p id=\"caption-attachment-1411\" class=\"wp-caption-text\">Eddy Merckx immediately graps his liver after the punch<\/p><\/div>\n<p>Merckx immediately feels the pain and has to gasp for a while but he still drives on and comes on top with a delay of less than one minute on Th\u00e9venet who loses the stage to Lucien Van Impe.<\/p>\n<p>After the incident, Merckx descends the mountain in search of the culprit who denies everything. A complaint is filed and years later the man is sentenced to pay moral damages of 1 franc. Eddy Merckx cries out in pain and will suffer a lot in the coming days.<\/p>\n<h2><strong>Merckx collapses on Pra Loup<\/strong><\/h2>\n<p>The next day, the climb to Pra Loup is on the program and Merckx is determined to make up his lost time. During the ride Merckx does not feel well and asks the Tour doctor for a painkiller.<\/p>\n<p>In a short time he feels better and even decides to attack at 1km from the top of the Col d'Allos, Th\u00e9venet jumps along but he cannot keep the wheel of Merckx and loses 10 seconds on the top which increases even to 1 minute and 13 seconds at the foot of the Pra Loup, a climb of 6km but not that difficult.<\/p>\n<p>Th\u00e9venet's courage sinks, moreover he is hungry and eats something during the descent, much to the dismay of his team leader who tells him that he is losing the Tour.<\/p>\n<p>What Th\u00e9venet does not know, however, is that Eddy Merckx will soon have a slump and will lose almost 3 minutes on him in the short climb. Merckx does not advance for a single meter, first Gimondi comes to him and passes him immediately.<br \/>\nAt distance, Th\u00e9venet sees the support car of Molteni, the team that Merckx drove for in 1975 and hears the French supporters loudly urging him and shouting that Merckx is not far ahead and that he is making up time.<\/p>\n<p>Moments later, Th\u00e9venet flanks Merckx, accelerates and immediately leaves him behind. He smells the victory and the yellow jersey and he is right because at the finish he takes over the yellow jersey and is 58 seconds ahead of Eddy Merckx.<\/p>\n<div id=\"attachment_1412\" style=\"width: 1002px\" class=\"wp-caption alignnone\"><a href=\"http:\/\/www.vintagefiets.be\/wp-content\/uploads\/2020\/04\/Eddy-Merckx-Bernard-Th\u00e9venet-Tour-de-France-1975.jpg\"><img loading=\"lazy\" decoding=\"async\" aria-describedby=\"caption-attachment-1412\" class=\"size-full wp-image-1412\" src=\"http:\/\/www.vintagefiets.be\/wp-content\/uploads\/2020\/04\/Eddy-Merckx-Bernard-Th\u00e9venet-Tour-de-France-1975.jpg\" alt=\"Eddy Merckx Bernard Th\u00e9venet Tour de France 1975\" width=\"992\" height=\"659\" srcset=\"https:\/\/www.vintagefiets.be\/wp-content\/uploads\/2020\/04\/Eddy-Merckx-Bernard-Th\u00e9venet-Tour-de-France-1975.jpg 992w, https:\/\/www.vintagefiets.be\/wp-content\/uploads\/2020\/04\/Eddy-Merckx-Bernard-Th\u00e9venet-Tour-de-France-1975-300x199.jpg 300w, https:\/\/www.vintagefiets.be\/wp-content\/uploads\/2020\/04\/Eddy-Merckx-Bernard-Th\u00e9venet-Tour-de-France-1975-768x510.jpg 768w\" sizes=\"auto, (max-width: 992px) 100vw, 992px\" \/><\/a><p id=\"caption-attachment-1412\" class=\"wp-caption-text\">The moment Bernard Th\u00e9venet passes Eddy Merckx during the climb to Pra Loup<\/p><\/div>\n<p>Eddy declares afterwards that at the foot of the climb he felt all the strength flowing out and that he could no longer move forward. He denies that it's due to a hunger knock because then he would have immediately searched for food on the arrival. According to him and this is also confirmed by the Tour doctor, it was a combination of the consequences of the stroke in the liver and the drug.<\/p>\n<p>Just a few hours after the stage, Eddy had another battle plan and was ready to attack from the start the next day. Not yet recovered from the climb of the Pra Loup, he also lost time on Th\u00e9venet in the next ride.<\/p>\n<h2><strong>Jawbone fracture from fall<\/strong><\/h2>\n<p>Eddy Merckx was not lucky in this Tour of 1975. Shortly after the start of the 17th stage from Valloire to Morzine, Ole Ritter crashed him and he fractured the jawbone. He is unconcious for a while but soon he gets back on his bike, determined not to give up the fight.<\/p>\n<p><a href=\"http:\/\/www.vintagefiets.be\/wp-content\/uploads\/2020\/04\/Eddy-Merckx-Tour-de-France-1975-valpartij.png\"><img loading=\"lazy\" decoding=\"async\" class=\"size-full wp-image-1413 aligncenter\" src=\"http:\/\/www.vintagefiets.be\/wp-content\/uploads\/2020\/04\/Eddy-Merckx-Tour-de-France-1975-valpartij.png\" alt=\"Eddy Merckx Tour de France 1975 valpartij\" width=\"611\" height=\"359\" srcset=\"https:\/\/www.vintagefiets.be\/wp-content\/uploads\/2020\/04\/Eddy-Merckx-Tour-de-France-1975-valpartij.png 611w, https:\/\/www.vintagefiets.be\/wp-content\/uploads\/2020\/04\/Eddy-Merckx-Tour-de-France-1975-valpartij-300x176.png 300w\" sizes=\"auto, (max-width: 611px) 100vw, 611px\" \/><\/a><\/p>\n<p>All day and the following days he experiences a lot of trouble and he can not eat. Liquid gels did not exist at that time.<\/p>\n<p>But Merckx's amazing character and fighting spirit did not stop him from attacking, howevet the complete peloton was against him. For years he had hurt his opponents and now they could do that. Merckx was vulnerable and they were too happy to help Th\u00e9venet to win.<\/p>\n<h2><strong>Merckx keeps on fighting even during the last ride<\/strong><\/h2>\n<p>Even on the last day with start and finish on the Champs-Elys\u00e9es, Merckx still attacks Th\u00e9venet's leading position. At that time, the unwritten law did not yet exist that the last day of the Tour de France the leader will no longer be attacked, unfortunately!<\/p>\n<p>The starting shot had just been given and Merckx jumped out of the pack. Th\u00e9venet was talking to the minister and was posing for the photographers and had to make a huge effort. He did not know what happened to him. Both of them then drove a lot of time ahead of the peloton that did not really understand what was happening.<\/p>\n<div id=\"attachment_1414\" style=\"width: 639px\" class=\"wp-caption aligncenter\"><a href=\"http:\/\/www.vintagefiets.be\/wp-content\/uploads\/2020\/04\/Tour-de-France-1975-podium.png\"><img loading=\"lazy\" decoding=\"async\" aria-describedby=\"caption-attachment-1414\" class=\"size-full wp-image-1414\" src=\"http:\/\/www.vintagefiets.be\/wp-content\/uploads\/2020\/04\/Tour-de-France-1975-podium.png\" alt=\"Tour de France 1975 podium\" width=\"629\" height=\"414\" srcset=\"https:\/\/www.vintagefiets.be\/wp-content\/uploads\/2020\/04\/Tour-de-France-1975-podium.png 629w, https:\/\/www.vintagefiets.be\/wp-content\/uploads\/2020\/04\/Tour-de-France-1975-podium-300x197.png 300w\" sizes=\"auto, (max-width: 629px) 100vw, 629px\" \/><\/a><p id=\"caption-attachment-1414\" class=\"wp-caption-text\">De 1ste twee van de Tour de France 1975 met centraal de Franse president Giscard d&#8217;Estaing<\/p><\/div>\n<p>It will always be an unanswered question whether Eddy Merckx would have won the 1975 Tour de France without that cowardly punch from a frustrated French fan who was tired of the reign of Merckx. We certainly think so.<\/p>\n<p>Belga Sport made an episode about the 1975 Tour de France in 2008, you can watch it below (in Dutch)<\/p>\n<p><iframe loading=\"lazy\" src=\"https:\/\/www.youtube.com\/embed\/xWaioX6Ycrw\" width=\"640\" height=\"480\" frameborder=\"0\" allowfullscreen=\"allowfullscreen\"><\/iframe><\/p>\n<p>&nbsp;<\/p>","protected":false},"excerpt":{"rendered":"<p>The 1975 Tour de France had to be the 6th victory for Eddy Merckx, the cannibal. However, it was a Tour with bad luck and Bernard Th\u00e9venet as winner<\/p>","protected":false},"author":1,"featured_media":1412,"comment_status":"open","ping_status":"open","sticky":false,"template":"","format":"standard","meta":{"_et_pb_use_builder":"","_et_pb_old_content":"","_et_gb_content_width":"","footnotes":""},"categories":[72,467,127],"tags":[162,161,163,114,115],"class_list":["post-1404","post","type-post","status-publish","format-standard","has-post-thumbnail","hentry","category-blog","category-wielerwedstrijden","category-wielrenners","tag-bernard-thevenet","tag-eddy-merckx","tag-jacques-anquetil","tag-ronde-van-frankrijk","tag-tour-de-france"],"aioseo_notices":[],"_links":{"self":[{"href":"https:\/\/www.vintagefiets.be\/en\/wp-json\/wp\/v2\/posts\/1404","targetHints":{"allow":["GET"]}}],"collection":[{"href":"https:\/\/www.vintagefiets.be\/en\/wp-json\/wp\/v2\/posts"}],"about":[{"href":"https:\/\/www.vintagefiets.be\/en\/wp-json\/wp\/v2\/types\/post"}],"author":[{"embeddable":true,"href":"https:\/\/www.vintagefiets.be\/en\/wp-json\/wp\/v2\/users\/1"}],"replies":[{"embeddable":true,"href":"https:\/\/www.vintagefiets.be\/en\/wp-json\/wp\/v2\/comments?post=1404"}],"version-history":[{"count":11,"href":"https:\/\/www.vintagefiets.be\/en\/wp-json\/wp\/v2\/posts\/1404\/revisions"}],"predecessor-version":[{"id":1777,"href":"https:\/\/www.vintagefiets.be\/en\/wp-json\/wp\/v2\/posts\/1404\/revisions\/1777"}],"wp:featuredmedia":[{"embeddable":true,"href":"https:\/\/www.vintagefiets.be\/en\/wp-json\/wp\/v2\/media\/1412"}],"wp:attachment":[{"href":"https:\/\/www.vintagefiets.be\/en\/wp-json\/wp\/v2\/media?parent=1404"}],"wp:term":[{"taxonomy":"category","embeddable":true,"href":"https:\/\/www.vintagefiets.be\/en\/wp-json\/wp\/v2\/categories?post=1404"},{"taxonomy":"post_tag","embeddable":true,"href":"https:\/\/www.vintagefiets.be\/en\/wp-json\/wp\/v2\/tags?post=1404"}],"curies":[{"name":"wp","href":"https:\/\/api.w.org\/{rel}","templated":true}]}}