{"id":1487,"date":"2020-04-11T14:05:15","date_gmt":"2020-04-11T14:05:15","guid":{"rendered":"http:\/\/www.vintagefiets.be\/?p=1487"},"modified":"2023-06-14T10:32:24","modified_gmt":"2023-06-14T10:32:24","slug":"belgische-fietsmerken-die-toch-zo-italiaans-klinken","status":"publish","type":"post","link":"https:\/\/www.vintagefiets.be\/en\/belgische-fietsmerken-die-toch-zo-italiaans-klinken\/","title":{"rendered":"Belgium bicycle brands that sound very Italian"},"content":{"rendered":"<p>Why are so many racing bikes made in Belgium and the Netherlands but with an Italian name? You often see advertisements on 2dehands.be with texts such as Italian bicycle for sale or real Italian bike for sale, but in fact the bicycle is of Belgian or Dutch manufacture.<\/p>\n<p>As a non expert it is not always easy to distinguish the real Italian bicycle from the Belgian version. Some bicycle repair shops even went so far as to engrave the Italian flag in the frame. Some sounding names are Giacomelli, Venturelli, Colnero, Clemenso, ...<\/p>\n<h2><strong>Why an Italian name?<\/strong><\/h2>\n<p>Italy indeed has a richer bicycle history than Belgium or the Netherlands in the field of frame building, but there used to be a lot of small bicycle repair shops, not as is now the case with globalization with mainly multinationals such as Trek, Specialized, Giant,\u2026<\/p>\n<p>Every village used to have a bicycle maker that bought its steel tubes and lugs and marketed the bicycle under its own name. In the early 1970s there was a hype to ride Italian bicycles, they were more aesthetic, more beautiful and more attractive. Made in Italy has always been an important trademark.<\/p>\n<p>Some bicycle makers started to produce their own bicycles with an Italian name. Some brought the frames directly from Italy, placed their own decals on them, engraved them with their logo and then assembled them in their studio.<\/p>\n<p>The most important Belgian ones can be found below. By clicking on the name you get more info<\/p>\n<p><strong>If information is missing or you still know about other Belgian bicycle makers, you can always send me an email to <a href=\"mailto:info@vintagefiets.be\"><span style=\"text-decoration: underline;\">info@vintagefiets.be<\/span><\/a><\/strong><\/p>\n<p>You can find the most important Dutch brands in the article <a href=\"http:\/\/www.vintagefiets.be\/en\/nederlandse-fietsmerken-die-toch-zo-italiaans-klinken\/\" target=\"_blank\" rel=\"noopener noreferrer\"><span style=\"text-decoration: underline;\">Dutch bicycle brands that sound very Italian<\/span><\/a><\/p>\n<ul>\n<li><a href=\"#Martelly\">Martelly<\/a><\/li>\n<li><a href=\"#Colnero\">Colnero<\/a><\/li>\n<li><a href=\"#Capino\">Capino<\/a><\/li>\n<li><a href=\"#Ampello\">Ampello<\/a><\/li>\n<li><a href=\"#Fangio\">Fangio<\/a><\/li>\n<li><a href=\"#Venturelli\">Venturelli<\/a><\/li>\n<li><a href=\"#U-Scanini\">U-Scanini<\/a><\/li>\n<li><a href=\"#Zannata\">Zannata<\/a><\/li>\n<li><a href=\"#Comati\">Comati<\/a><\/li>\n<li><a href=\"#Giacomelli\">Giacomelli<\/a><\/li>\n<li><a href=\"#Carillo\">Carillo<\/a><\/li>\n<li><a href=\"#Clemenso\">Clemenso<\/a><\/li>\n<li><a href=\"#Corona\">Corona<\/a><\/li>\n<li><a href=\"#Andere\">Andere<\/a><\/li>\n<\/ul>\n<h3><strong>Martelly<\/strong><\/h3>\n<p><a id=\"Martelly\"><\/a>Martelly is the bicycle brand of the Martens family and was founded in the early 1980s. The Martens family makes bicycle frames from before the Second World War. They were one of the largest Belgian frame builders and supplied, among others, the Flandria team, the Poeders Man team and built the frameworks of Michel Pollentier, Etienne De Wilde, Roger Illegems, Berten de Kimpe and Willy Vanneste, among others.<\/p>\n<p><a href=\"http:\/\/www.vintagefiets.be\/wp-content\/uploads\/2015\/04\/Martelly-Competition-01-1280x721.jpg\"><img loading=\"lazy\" decoding=\"async\" class=\"alignnone size-full wp-image-14\" src=\"http:\/\/www.vintagefiets.be\/wp-content\/uploads\/2015\/04\/Martelly-Competition-01-1280x721.jpg\" alt=\"Martelly Martens Eddy\" width=\"1280\" height=\"721\" srcset=\"https:\/\/www.vintagefiets.be\/wp-content\/uploads\/2015\/04\/Martelly-Competition-01-1280x721.jpg 1280w, https:\/\/www.vintagefiets.be\/wp-content\/uploads\/2015\/04\/Martelly-Competition-01-1280x721-300x169.jpg 300w, https:\/\/www.vintagefiets.be\/wp-content\/uploads\/2015\/04\/Martelly-Competition-01-1280x721-1024x577.jpg 1024w\" sizes=\"auto, (max-width: 1280px) 100vw, 1280px\" \/><\/a><\/p>\n<p><a href=\"http:\/\/www.vintagefiets.be\/wp-content\/uploads\/2015\/04\/Martelly-Competition-02-721x1280.jpg\"><img loading=\"lazy\" decoding=\"async\" class=\"aligncenter wp-image-15 size-full\" src=\"http:\/\/www.vintagefiets.be\/wp-content\/uploads\/2015\/04\/Martelly-Competition-02-721x1280.jpg\" alt=\"Martelly Martens Eddy\" width=\"721\" height=\"1280\" srcset=\"https:\/\/www.vintagefiets.be\/wp-content\/uploads\/2015\/04\/Martelly-Competition-02-721x1280.jpg 721w, https:\/\/www.vintagefiets.be\/wp-content\/uploads\/2015\/04\/Martelly-Competition-02-721x1280-169x300.jpg 169w, https:\/\/www.vintagefiets.be\/wp-content\/uploads\/2015\/04\/Martelly-Competition-02-721x1280-577x1024.jpg 577w\" sizes=\"auto, (max-width: 721px) 100vw, 721px\" \/><\/a><\/p>\n<p><a href=\"http:\/\/www.vintagefiets.be\/wp-content\/uploads\/2015\/04\/Martelly-Competition-07-721x1280.jpg\"><img loading=\"lazy\" decoding=\"async\" class=\"aligncenter wp-image-20 size-full\" src=\"http:\/\/www.vintagefiets.be\/wp-content\/uploads\/2015\/04\/Martelly-Competition-07-721x1280.jpg\" alt=\"Martelly fietsen\" width=\"721\" height=\"1280\" srcset=\"https:\/\/www.vintagefiets.be\/wp-content\/uploads\/2015\/04\/Martelly-Competition-07-721x1280.jpg 721w, https:\/\/www.vintagefiets.be\/wp-content\/uploads\/2015\/04\/Martelly-Competition-07-721x1280-169x300.jpg 169w, https:\/\/www.vintagefiets.be\/wp-content\/uploads\/2015\/04\/Martelly-Competition-07-721x1280-577x1024.jpg 577w\" sizes=\"auto, (max-width: 721px) 100vw, 721px\" \/><\/a><\/p>\n<p>They have also delivered many frames to other bicycle manufacturers such as Colnero, Empella, Loverdi, Diamant, Concorde, Devos Sport and many others.<\/p>\n<p>From 1980 they have built no less than 25,000 frames in 20 years.<\/p>\n<p>Currently Martelly still makes custom steel bicycle frames, they use Columbus and Dedacciai tubes for this. You can also order a new custom retro bike.<\/p>\n<h3><strong><a id=\"Colnero\"><\/a>Colnero<\/strong><\/h3>\n<p>Bicycles from Putte Kapellen, information is missing<\/p>\n<p><a href=\"http:\/\/www.vintagefiets.be\/wp-content\/uploads\/2020\/04\/Colnero-fiets-01.jpg\"><img loading=\"lazy\" decoding=\"async\" class=\"alignnone wp-image-1450 size-full\" src=\"http:\/\/www.vintagefiets.be\/wp-content\/uploads\/2020\/04\/Colnero-fiets-01.jpg\" alt=\"Colnero fietsen\" width=\"800\" height=\"450\" srcset=\"https:\/\/www.vintagefiets.be\/wp-content\/uploads\/2020\/04\/Colnero-fiets-01.jpg 800w, https:\/\/www.vintagefiets.be\/wp-content\/uploads\/2020\/04\/Colnero-fiets-01-300x169.jpg 300w, https:\/\/www.vintagefiets.be\/wp-content\/uploads\/2020\/04\/Colnero-fiets-01-768x432.jpg 768w\" sizes=\"auto, (max-width: 800px) 100vw, 800px\" \/><\/a><\/p>\n<p><a href=\"http:\/\/www.vintagefiets.be\/wp-content\/uploads\/2020\/04\/Colnero-fiets-02.jpg\"><img loading=\"lazy\" decoding=\"async\" class=\"alignnone wp-image-1451 size-full\" src=\"http:\/\/www.vintagefiets.be\/wp-content\/uploads\/2020\/04\/Colnero-fiets-02.jpg\" alt=\"Colnero fietsen\" width=\"800\" height=\"450\" srcset=\"https:\/\/www.vintagefiets.be\/wp-content\/uploads\/2020\/04\/Colnero-fiets-02.jpg 800w, https:\/\/www.vintagefiets.be\/wp-content\/uploads\/2020\/04\/Colnero-fiets-02-300x169.jpg 300w, https:\/\/www.vintagefiets.be\/wp-content\/uploads\/2020\/04\/Colnero-fiets-02-768x432.jpg 768w\" sizes=\"auto, (max-width: 800px) 100vw, 800px\" \/><\/a><\/p>\n<p><a href=\"http:\/\/www.vintagefiets.be\/wp-content\/uploads\/2020\/04\/Colnero-fiets-03.jpg\"><img loading=\"lazy\" decoding=\"async\" class=\"aligncenter wp-image-1452 size-full\" src=\"http:\/\/www.vintagefiets.be\/wp-content\/uploads\/2020\/04\/Colnero-fiets-03.jpg\" alt=\"Colnero fietsen\" width=\"450\" height=\"800\" srcset=\"https:\/\/www.vintagefiets.be\/wp-content\/uploads\/2020\/04\/Colnero-fiets-03.jpg 450w, https:\/\/www.vintagefiets.be\/wp-content\/uploads\/2020\/04\/Colnero-fiets-03-169x300.jpg 169w\" sizes=\"auto, (max-width: 450px) 100vw, 450px\" \/><\/a><\/p>\n<p><a href=\"http:\/\/www.vintagefiets.be\/wp-content\/uploads\/2020\/04\/Colnero-fiets-04.jpg\"><img loading=\"lazy\" decoding=\"async\" class=\"aligncenter wp-image-1453 size-full\" src=\"http:\/\/www.vintagefiets.be\/wp-content\/uploads\/2020\/04\/Colnero-fiets-04.jpg\" alt=\"Colnero fietsen\" width=\"450\" height=\"800\" srcset=\"https:\/\/www.vintagefiets.be\/wp-content\/uploads\/2020\/04\/Colnero-fiets-04.jpg 450w, https:\/\/www.vintagefiets.be\/wp-content\/uploads\/2020\/04\/Colnero-fiets-04-169x300.jpg 169w\" sizes=\"auto, (max-width: 450px) 100vw, 450px\" \/><\/a><\/p>\n<h3><a id=\"Capino\"><\/a><strong>Capino<\/strong><\/h3>\n<p>Capino is the trademark of Fietsen Capino from Wevelgem. Marcel Pinnoo started his own bicycle shop in 1945, but the Capino brand was only founded in 1971 after the idea of daughter Monique and her husband Andr\u00e9 Catry. Capino comes from <strong>Ca<\/strong>try en <strong>Pino<\/strong>o<\/p>\n<p>They have been making Capino bicycle frames for 35 years. The shop still exists and is operated by grandson Xavier Catry.<\/p>\n<p><a href=\"http:\/\/www.vintagefiets.be\/wp-content\/uploads\/2020\/04\/Capino-fiets-01.jpg\"><img loading=\"lazy\" decoding=\"async\" class=\"alignnone wp-image-1471 size-full\" src=\"http:\/\/www.vintagefiets.be\/wp-content\/uploads\/2020\/04\/Capino-fiets-01.jpg\" alt=\"Capino Wevelgem\" width=\"800\" height=\"600\" srcset=\"https:\/\/www.vintagefiets.be\/wp-content\/uploads\/2020\/04\/Capino-fiets-01.jpg 800w, https:\/\/www.vintagefiets.be\/wp-content\/uploads\/2020\/04\/Capino-fiets-01-300x225.jpg 300w, https:\/\/www.vintagefiets.be\/wp-content\/uploads\/2020\/04\/Capino-fiets-01-768x576.jpg 768w\" sizes=\"auto, (max-width: 800px) 100vw, 800px\" \/><\/a><\/p>\n<p><a href=\"http:\/\/www.vintagefiets.be\/wp-content\/uploads\/2020\/04\/Capino-fiets02.jpg\"><img loading=\"lazy\" decoding=\"async\" class=\"aligncenter wp-image-1472 size-full\" src=\"http:\/\/www.vintagefiets.be\/wp-content\/uploads\/2020\/04\/Capino-fiets02.jpg\" alt=\"Capino Wevelgem\" width=\"600\" height=\"800\" srcset=\"https:\/\/www.vintagefiets.be\/wp-content\/uploads\/2020\/04\/Capino-fiets02.jpg 600w, https:\/\/www.vintagefiets.be\/wp-content\/uploads\/2020\/04\/Capino-fiets02-225x300.jpg 225w\" sizes=\"auto, (max-width: 600px) 100vw, 600px\" \/><\/a><\/p>\n<p><a href=\"http:\/\/www.vintagefiets.be\/wp-content\/uploads\/2020\/04\/Capino-fiets03.jpg\"><img loading=\"lazy\" decoding=\"async\" class=\"aligncenter wp-image-1473 size-full\" src=\"http:\/\/www.vintagefiets.be\/wp-content\/uploads\/2020\/04\/Capino-fiets03.jpg\" alt=\"Capino Wevelgem\" width=\"600\" height=\"800\" srcset=\"https:\/\/www.vintagefiets.be\/wp-content\/uploads\/2020\/04\/Capino-fiets03.jpg 600w, https:\/\/www.vintagefiets.be\/wp-content\/uploads\/2020\/04\/Capino-fiets03-225x300.jpg 225w\" sizes=\"auto, (max-width: 600px) 100vw, 600px\" \/><\/a><\/p>\n<h3><strong><a id=\"Ampello\"><\/a>Ampello<\/strong><\/h3>\n<p>Bicycles with the Ampello brand were built by Ampe, a bicycle repair shop in Torhout (West Flanders). The bicycle shop has been around since 1936 and was then called Huis Alfons Ampe.<\/p>\n<p><a href=\"http:\/\/www.vintagefiets.be\/wp-content\/uploads\/2020\/04\/Ampello01.jpg\"><img loading=\"lazy\" decoding=\"async\" class=\"alignnone wp-image-1459 size-full\" src=\"http:\/\/www.vintagefiets.be\/wp-content\/uploads\/2020\/04\/Ampello01.jpg\" alt=\"Ampello fietsen\" width=\"800\" height=\"447\" srcset=\"https:\/\/www.vintagefiets.be\/wp-content\/uploads\/2020\/04\/Ampello01.jpg 800w, https:\/\/www.vintagefiets.be\/wp-content\/uploads\/2020\/04\/Ampello01-300x168.jpg 300w, https:\/\/www.vintagefiets.be\/wp-content\/uploads\/2020\/04\/Ampello01-768x429.jpg 768w\" sizes=\"auto, (max-width: 800px) 100vw, 800px\" \/><\/a><\/p>\n<p><a href=\"http:\/\/www.vintagefiets.be\/wp-content\/uploads\/2020\/04\/Ampello02.jpg\"><img loading=\"lazy\" decoding=\"async\" class=\"aligncenter wp-image-1460 size-full\" src=\"http:\/\/www.vintagefiets.be\/wp-content\/uploads\/2020\/04\/Ampello02.jpg\" alt=\"Ampello fietsen\" width=\"447\" height=\"800\" srcset=\"https:\/\/www.vintagefiets.be\/wp-content\/uploads\/2020\/04\/Ampello02.jpg 447w, https:\/\/www.vintagefiets.be\/wp-content\/uploads\/2020\/04\/Ampello02-168x300.jpg 168w\" sizes=\"auto, (max-width: 447px) 100vw, 447px\" \/><\/a><\/p>\n<p><a href=\"http:\/\/www.vintagefiets.be\/wp-content\/uploads\/2020\/04\/Ampello-06.jpg\"><img loading=\"lazy\" decoding=\"async\" class=\"aligncenter wp-image-1458 size-full\" src=\"http:\/\/www.vintagefiets.be\/wp-content\/uploads\/2020\/04\/Ampello-06.jpg\" alt=\"Ampello fietsen\" width=\"447\" height=\"800\" srcset=\"https:\/\/www.vintagefiets.be\/wp-content\/uploads\/2020\/04\/Ampello-06.jpg 447w, https:\/\/www.vintagefiets.be\/wp-content\/uploads\/2020\/04\/Ampello-06-168x300.jpg 168w\" sizes=\"auto, (max-width: 447px) 100vw, 447px\" \/><\/a><\/p>\n<h3><strong><a id=\"Fangio\"><\/a>Fangio<\/strong><\/h3>\n<p>Ex teammate of Eddy Merckx Guido Reybrouck starts a wholesale trade in racing bikes of the brand Fangio at the end of his career. The name comes from his son Fangio. Guido is clearly a fan of Italy after his long career with the Italian cycling team Faema.<\/p>\n<p>In 1994 he leaves everything to his son who opens Fangio bicycles in Aartrijke in West Flanders.<\/p>\n<p><a href=\"http:\/\/www.vintagefiets.be\/wp-content\/uploads\/2020\/04\/Fangio-fietsen-Guido-Reybrouck.jpg\"><img loading=\"lazy\" decoding=\"async\" class=\"alignnone wp-image-1425 size-full\" src=\"http:\/\/www.vintagefiets.be\/wp-content\/uploads\/2020\/04\/Fangio-fietsen-Guido-Reybrouck.jpg\" alt=\"Fangio fietsen Guido Reybrouck\" width=\"700\" height=\"525\" srcset=\"https:\/\/www.vintagefiets.be\/wp-content\/uploads\/2020\/04\/Fangio-fietsen-Guido-Reybrouck.jpg 700w, https:\/\/www.vintagefiets.be\/wp-content\/uploads\/2020\/04\/Fangio-fietsen-Guido-Reybrouck-300x225.jpg 300w\" sizes=\"auto, (max-width: 700px) 100vw, 700px\" \/><\/a><\/p>\n<h3><strong><a id=\"Venturelli\"><\/a>Venturelli<\/strong><\/h3>\n<p>Bonaventure from Hooglede has been making custom bicycle frames for more than 90 years. Around the 1980s the racing bikes had the resounding Italian name Venturelli and nowadays Scatto. Currently, the name Venturelli is only given to regular bicycles and E-bikes.<\/p>\n<p>Venturelli comes from the name Ventura, from the founder Bonaventure. In the late 1960s, a professional team was even sponsored, namely Etalo-Ventura in 1968 and <a href=\"http:\/\/www.dewielersite.net\/db2\/wielersite\/ploegfiche.php?id=4575\">Etalo-Siriki-Ventura<\/a> in 1969, beiden met ploegleider Jozef Braeckevelt.<\/p>\n<p><a href=\"http:\/\/www.vintagefiets.be\/wp-content\/uploads\/2015\/04\/Venturelli-koersfiets-01.jpg\"><img loading=\"lazy\" decoding=\"async\" class=\"alignnone wp-image-51 size-full\" src=\"http:\/\/www.vintagefiets.be\/wp-content\/uploads\/2015\/04\/Venturelli-koersfiets-01.jpg\" alt=\"Venturelli fietsen\" width=\"800\" height=\"438\" srcset=\"https:\/\/www.vintagefiets.be\/wp-content\/uploads\/2015\/04\/Venturelli-koersfiets-01.jpg 800w, https:\/\/www.vintagefiets.be\/wp-content\/uploads\/2015\/04\/Venturelli-koersfiets-01-300x164.jpg 300w\" sizes=\"auto, (max-width: 800px) 100vw, 800px\" \/><\/a><\/p>\n<p><a href=\"http:\/\/www.vintagefiets.be\/wp-content\/uploads\/2015\/04\/Venturelli-koersfiets-08.jpg\"><img loading=\"lazy\" decoding=\"async\" class=\"aligncenter wp-image-58 size-full\" src=\"http:\/\/www.vintagefiets.be\/wp-content\/uploads\/2015\/04\/Venturelli-koersfiets-08.jpg\" alt=\"Venturelli fietsen\" width=\"448\" height=\"800\" srcset=\"https:\/\/www.vintagefiets.be\/wp-content\/uploads\/2015\/04\/Venturelli-koersfiets-08.jpg 448w, https:\/\/www.vintagefiets.be\/wp-content\/uploads\/2015\/04\/Venturelli-koersfiets-08-168x300.jpg 168w\" sizes=\"auto, (max-width: 448px) 100vw, 448px\" \/><\/a><\/p>\n<p><a href=\"http:\/\/www.vintagefiets.be\/wp-content\/uploads\/2015\/04\/Venturelli-koersfiets-03.jpg\"><img loading=\"lazy\" decoding=\"async\" class=\"aligncenter wp-image-53 size-full\" src=\"http:\/\/www.vintagefiets.be\/wp-content\/uploads\/2015\/04\/Venturelli-koersfiets-03.jpg\" alt=\"Venturelli fietsen\" width=\"423\" height=\"800\" srcset=\"https:\/\/www.vintagefiets.be\/wp-content\/uploads\/2015\/04\/Venturelli-koersfiets-03.jpg 423w, https:\/\/www.vintagefiets.be\/wp-content\/uploads\/2015\/04\/Venturelli-koersfiets-03-159x300.jpg 159w\" sizes=\"auto, (max-width: 423px) 100vw, 423px\" \/><\/a><\/p>\n<h3><strong><a id=\"U-Scanini\"><\/a>U-Scanini<\/strong><\/h3>\n<p>Bicycle manufacturer Bart Verhaegen from Beauvechain (Bevekom) founded this brand in 1987, but has since stopped (when exactly is not known). Bart used Italian frames and an Italian flag is even engraved in the frame. The most famous rider who rode their bikes was Eric Vanderaerden<\/p>\n<blockquote class=\"instagram-media\" style=\"background: #FFF; border: 0; border-radius: 3px; box-shadow: 0 0 1px 0 rgba(0,0,0,0.5),0 1px 10px 0 rgba(0,0,0,0.15); margin: 1px; max-width: 540px; min-width: 326px; padding: 0; width: calc(100% - 2px);\" data-instgrm-captioned=\"\" data-instgrm-permalink=\"https:\/\/www.instagram.com\/p\/BMflyfGDF-F\/?utm_source=ig_embed&amp;utm_campaign=loading\" data-instgrm-version=\"12\">\n<div style=\"padding: 16px;\">\n<div style=\"display: flex; flex-direction: row; align-items: center;\">\n<div style=\"background-color: #f4f4f4; border-radius: 50%; flex-grow: 0; height: 40px; margin-right: 14px; width: 40px;\">\u00a0<\/div>\n<div style=\"display: flex; flex-direction: column; flex-grow: 1; justify-content: center;\">\n<div style=\"background-color: #f4f4f4; border-radius: 4px; flex-grow: 0; height: 14px; margin-bottom: 6px; width: 100px;\">\u00a0<\/div>\n<div style=\"background-color: #f4f4f4; border-radius: 4px; flex-grow: 0; height: 14px; width: 60px;\">\u00a0<\/div>\n<\/div>\n<\/div>\n<div style=\"padding: 19% 0;\">\u00a0<\/div>\n<div style=\"display: block; height: 50px; margin: 0 auto 12px; width: 50px;\">\u00a0<\/div>\n<div style=\"padding-top: 8px;\">\n<div style=\"color: #3897f0; font-family: Arial,sans-serif; font-size: 14px; font-style: normal; font-weight: 550; line-height: 18px;\">Dit bericht bekijken op Instagram<\/div>\n<\/div>\n<div style=\"padding: 12.5% 0;\">\u00a0<\/div>\n<div style=\"display: flex; flex-direction: row; margin-bottom: 14px; align-items: center;\">\n<div>\n<div style=\"background-color: #f4f4f4; border-radius: 50%; height: 12.5px; width: 12.5px; transform: translateX(0px) translateY(7px);\">\u00a0<\/div>\n<div style=\"background-color: #f4f4f4; height: 12.5px; transform: rotate(-45deg) translateX(3px) translateY(1px); width: 12.5px; flex-grow: 0; margin-right: 14px; margin-left: 2px;\">\u00a0<\/div>\n<div style=\"background-color: #f4f4f4; border-radius: 50%; height: 12.5px; width: 12.5px; transform: translateX(9px) translateY(-18px);\">\u00a0<\/div>\n<\/div>\n<div style=\"margin-left: 8px;\">\n<div style=\"background-color: #f4f4f4; border-radius: 50%; flex-grow: 0; height: 20px; width: 20px;\">\u00a0<\/div>\n<div style=\"width: 0; height: 0; border-top: 2px solid transparent; border-left: 6px solid #f4f4f4; border-bottom: 2px solid transparent; transform: translateX(16px) translateY(-4px) rotate(30deg);\">\u00a0<\/div>\n<\/div>\n<div style=\"margin-left: auto;\">\n<div style=\"width: 0px; border-top: 8px solid #F4F4F4; border-right: 8px solid transparent; transform: translateY(16px);\">\u00a0<\/div>\n<div style=\"background-color: #f4f4f4; flex-grow: 0; height: 12px; width: 16px; transform: translateY(-4px);\">\u00a0<\/div>\n<div style=\"width: 0; height: 0; border-top: 8px solid #F4F4F4; border-left: 8px solid transparent; transform: translateY(-4px) translateX(8px);\">\u00a0<\/div>\n<\/div>\n<\/div>\n<p style=\"margin: 8px 0 0 0; padding: 0 4px;\"><a style=\"color: #000; font-family: Arial,sans-serif; font-size: 14px; font-style: normal; font-weight: normal; line-height: 17px; text-decoration: none; word-wrap: break-word;\" href=\"https:\/\/www.instagram.com\/p\/BMflyfGDF-F\/?utm_source=ig_embed&amp;utm_campaign=loading\" target=\"_blank\" rel=\"noopener noreferrer\">Beautiful Belgium bike . #uscanini #vintagebike #retrobike #roadbikevintage #artbicyclevintage<\/a><\/p>\n<p style=\"color: #c9c8cd; font-family: Arial,sans-serif; font-size: 14px; line-height: 17px; margin-bottom: 0; margin-top: 8px; overflow: hidden; padding: 8px 0 7px; text-align: center; text-overflow: ellipsis; white-space: nowrap;\">Een bericht gedeeld door <a style=\"color: #c9c8cd; font-family: Arial,sans-serif; font-size: 14px; font-style: normal; font-weight: normal; line-height: 17px;\" href=\"https:\/\/www.instagram.com\/artomist\/?utm_source=ig_embed&amp;utm_campaign=loading\" target=\"_blank\" rel=\"noopener noreferrer\"> artomist<\/a> (@artomist) op <time style=\"font-family: Arial,sans-serif; font-size: 14px; line-height: 17px;\" datetime=\"2016-11-07T03:19:38+00:00\">6 Nov 2016 om 7:19 (PST)<\/time><\/p>\n<\/div>\n<\/blockquote>\n<p><script async=\"\" src=\"\/\/www.instagram.com\/embed.js\"><\/script><\/p>\n<h3><strong><a id=\"Zannata\"><\/a>Zannata<\/strong><\/h3>\n<p>Zannata from Sint Niklaas is a fairly new bicycle manufacturer who have also given their bikes an Italian touch with the name Zannata. It is unclear when this producer started<\/p>\n<h3><strong><a id=\"Comati\"><\/a>Comati<\/strong><\/h3>\n<p>The Comati brand was an acronym for <strong>Co<\/strong>ols <strong>Ma<\/strong>rcel <strong>Ti<\/strong>elt. This bicycle repair shop closed its doors in 2001, so that the Comati brand also disappeared. Marcel Cools died in 2017 from the consequences of lymph node cancer.<\/p>\n<p>Marcel bought many frames from Vaneenooghe from Ruiselede, the chroming was done by Titan at Tielt and he did the painting himself.<\/p>\n<h3><strong><a id=\"Giacomelli\"><\/a>Giacomelli<\/strong><\/h3>\n<p>Giacomelli was a bicycle manufacturer from Geraardsbergen from 1983 to 2008<\/p>\n<p>It was founded in 1898 by Oscar De Vleesschauwer and the bikes had the name Shrapnell which referred to the German word shrapnel or granate.<\/p>\n<p>The main cyclists who rode a Shrapnell bicycle were the Belgian track cyclist Jef \"Poeske\" Scherens who became world champion sprint no less than 7 times before and after WWI.<\/p>\n<p>Marc Van Yperzeele joined the company in 1976 and in 1983 he introduced the name Giacomelli, which became the racing bicycle line. Due to a lack of follow-up, the family sold the company in 2008.<\/p>\n<p><a href=\"http:\/\/www.vintagefiets.be\/wp-content\/uploads\/2020\/04\/Giacomelli01.jpg\"><img loading=\"lazy\" decoding=\"async\" class=\"alignnone wp-image-1461 size-full\" src=\"http:\/\/www.vintagefiets.be\/wp-content\/uploads\/2020\/04\/Giacomelli01.jpg\" alt=\"Giacomelli fietsen\" width=\"1024\" height=\"576\" srcset=\"https:\/\/www.vintagefiets.be\/wp-content\/uploads\/2020\/04\/Giacomelli01.jpg 1024w, https:\/\/www.vintagefiets.be\/wp-content\/uploads\/2020\/04\/Giacomelli01-300x169.jpg 300w, https:\/\/www.vintagefiets.be\/wp-content\/uploads\/2020\/04\/Giacomelli01-768x432.jpg 768w\" sizes=\"auto, (max-width: 1024px) 100vw, 1024px\" \/><\/a> <a href=\"http:\/\/www.vintagefiets.be\/wp-content\/uploads\/2020\/04\/Giacomelli03.jpg\"><img loading=\"lazy\" decoding=\"async\" class=\"alignnone wp-image-1462 size-full\" src=\"http:\/\/www.vintagefiets.be\/wp-content\/uploads\/2020\/04\/Giacomelli03.jpg\" alt=\"Giacomelli fietsen\" width=\"1024\" height=\"768\" srcset=\"https:\/\/www.vintagefiets.be\/wp-content\/uploads\/2020\/04\/Giacomelli03.jpg 1024w, https:\/\/www.vintagefiets.be\/wp-content\/uploads\/2020\/04\/Giacomelli03-300x225.jpg 300w, https:\/\/www.vintagefiets.be\/wp-content\/uploads\/2020\/04\/Giacomelli03-768x576.jpg 768w\" sizes=\"auto, (max-width: 1024px) 100vw, 1024px\" \/><\/a><\/p>\n<p>The new owners, Liesbeth Sarens and her husband Ad Kuijte, tried to relaunch Giacomelli. How it ended is unclear.<\/p>\n<h3><strong><a id=\"Carillo\"><\/a>Carillo<\/strong><\/h3>\n<p>These bicycles are also said to have been made by Marcel Cools from Tielt (Comati)<\/p>\n<p><a href=\"http:\/\/www.vintagefiets.be\/wp-content\/uploads\/2020\/04\/Carillo-noo.jpg\"><img loading=\"lazy\" decoding=\"async\" class=\"alignnone wp-image-1457 size-full\" src=\"http:\/\/www.vintagefiets.be\/wp-content\/uploads\/2020\/04\/Carillo-noo.jpg\" alt=\"Carillo fiets\" width=\"800\" height=\"450\" srcset=\"https:\/\/www.vintagefiets.be\/wp-content\/uploads\/2020\/04\/Carillo-noo.jpg 800w, https:\/\/www.vintagefiets.be\/wp-content\/uploads\/2020\/04\/Carillo-noo-300x169.jpg 300w, https:\/\/www.vintagefiets.be\/wp-content\/uploads\/2020\/04\/Carillo-noo-768x432.jpg 768w\" sizes=\"auto, (max-width: 800px) 100vw, 800px\" \/><\/a><\/p>\n<p><a href=\"http:\/\/www.vintagefiets.be\/wp-content\/uploads\/2020\/04\/Carillo-03b.jpg\"><img loading=\"lazy\" decoding=\"async\" class=\"aligncenter wp-image-1454 size-full\" src=\"http:\/\/www.vintagefiets.be\/wp-content\/uploads\/2020\/04\/Carillo-03b.jpg\" alt=\"Carillo fiets\" width=\"450\" height=\"800\" srcset=\"https:\/\/www.vintagefiets.be\/wp-content\/uploads\/2020\/04\/Carillo-03b.jpg 450w, https:\/\/www.vintagefiets.be\/wp-content\/uploads\/2020\/04\/Carillo-03b-169x300.jpg 169w\" sizes=\"auto, (max-width: 450px) 100vw, 450px\" \/><\/a><\/p>\n<p><a href=\"http:\/\/www.vintagefiets.be\/wp-content\/uploads\/2020\/04\/Carillo-04.jpg\"><img loading=\"lazy\" decoding=\"async\" class=\"alignnone wp-image-1455 size-full\" src=\"http:\/\/www.vintagefiets.be\/wp-content\/uploads\/2020\/04\/Carillo-04.jpg\" alt=\"Carillo fiets\" width=\"800\" height=\"450\" srcset=\"https:\/\/www.vintagefiets.be\/wp-content\/uploads\/2020\/04\/Carillo-04.jpg 800w, https:\/\/www.vintagefiets.be\/wp-content\/uploads\/2020\/04\/Carillo-04-300x169.jpg 300w, https:\/\/www.vintagefiets.be\/wp-content\/uploads\/2020\/04\/Carillo-04-768x432.jpg 768w\" sizes=\"auto, (max-width: 800px) 100vw, 800px\" \/><\/a><\/p>\n<p><a href=\"http:\/\/www.vintagefiets.be\/wp-content\/uploads\/2020\/04\/Carillo-07.jpg\"><img loading=\"lazy\" decoding=\"async\" class=\"aligncenter wp-image-1456 size-full\" src=\"http:\/\/www.vintagefiets.be\/wp-content\/uploads\/2020\/04\/Carillo-07.jpg\" alt=\"Carillo fiets\" width=\"450\" height=\"800\" srcset=\"https:\/\/www.vintagefiets.be\/wp-content\/uploads\/2020\/04\/Carillo-07.jpg 450w, https:\/\/www.vintagefiets.be\/wp-content\/uploads\/2020\/04\/Carillo-07-169x300.jpg 169w\" sizes=\"auto, (max-width: 450px) 100vw, 450px\" \/><\/a><\/p>\n<h3><strong><a id=\"Clemenso\"><\/a>Clemenso<\/strong><\/h3>\n<p>Bicycle brand from Diest, started in 1980, which also included a number of professional teams and semi-professional teams.<\/p>\n<blockquote class=\"instagram-media\" style=\"background: #FFF; border: 0; border-radius: 3px; box-shadow: 0 0 1px 0 rgba(0,0,0,0.5),0 1px 10px 0 rgba(0,0,0,0.15); margin: 1px; max-width: 540px; min-width: 326px; padding: 0; width: calc(100% - 2px);\" data-instgrm-captioned=\"\" data-instgrm-permalink=\"https:\/\/www.instagram.com\/p\/BKSv8_WBz4o\/?utm_source=ig_embed&amp;utm_campaign=loading\" data-instgrm-version=\"12\">\n<div style=\"padding: 16px;\">\n<div style=\"display: flex; flex-direction: row; align-items: center;\">\n<div style=\"background-color: #f4f4f4; border-radius: 50%; flex-grow: 0; height: 40px; margin-right: 14px; width: 40px;\">\u00a0<\/div>\n<div style=\"display: flex; flex-direction: column; flex-grow: 1; justify-content: center;\">\n<div style=\"background-color: #f4f4f4; border-radius: 4px; flex-grow: 0; height: 14px; margin-bottom: 6px; width: 100px;\">\u00a0<\/div>\n<div style=\"background-color: #f4f4f4; border-radius: 4px; flex-grow: 0; height: 14px; width: 60px;\">\u00a0<\/div>\n<\/div>\n<\/div>\n<div style=\"padding: 19% 0;\">\u00a0<\/div>\n<div style=\"display: block; height: 50px; margin: 0 auto 12px; width: 50px;\">\u00a0<\/div>\n<div style=\"padding-top: 8px;\">\n<div style=\"color: #3897f0; font-family: Arial,sans-serif; font-size: 14px; font-style: normal; font-weight: 550; line-height: 18px;\">Dit bericht bekijken op Instagram<\/div>\n<\/div>\n<div style=\"padding: 12.5% 0;\">\u00a0<\/div>\n<div style=\"display: flex; flex-direction: row; margin-bottom: 14px; align-items: center;\">\n<div>\n<div style=\"background-color: #f4f4f4; border-radius: 50%; height: 12.5px; width: 12.5px; transform: translateX(0px) translateY(7px);\">\u00a0<\/div>\n<div style=\"background-color: #f4f4f4; height: 12.5px; transform: rotate(-45deg) translateX(3px) translateY(1px); width: 12.5px; flex-grow: 0; margin-right: 14px; margin-left: 2px;\">\u00a0<\/div>\n<div style=\"background-color: #f4f4f4; border-radius: 50%; height: 12.5px; width: 12.5px; transform: translateX(9px) translateY(-18px);\">\u00a0<\/div>\n<\/div>\n<div style=\"margin-left: 8px;\">\n<div style=\"background-color: #f4f4f4; border-radius: 50%; flex-grow: 0; height: 20px; width: 20px;\">\u00a0<\/div>\n<div style=\"width: 0; height: 0; border-top: 2px solid transparent; border-left: 6px solid #f4f4f4; border-bottom: 2px solid transparent; transform: translateX(16px) translateY(-4px) rotate(30deg);\">\u00a0<\/div>\n<\/div>\n<div style=\"margin-left: auto;\">\n<div style=\"width: 0px; border-top: 8px solid #F4F4F4; border-right: 8px solid transparent; transform: translateY(16px);\">\u00a0<\/div>\n<div style=\"background-color: #f4f4f4; flex-grow: 0; height: 12px; width: 16px; transform: translateY(-4px);\">\u00a0<\/div>\n<div style=\"width: 0; height: 0; border-top: 8px solid #F4F4F4; border-left: 8px solid transparent; transform: translateY(-4px) translateX(8px);\">\u00a0<\/div>\n<\/div>\n<\/div>\n<p style=\"margin: 8px 0 0 0; padding: 0 4px;\"><a style=\"color: #000; font-family: Arial,sans-serif; font-size: 14px; font-style: normal; font-weight: normal; line-height: 17px; text-decoration: none; word-wrap: break-word;\" href=\"https:\/\/www.instagram.com\/p\/BKSv8_WBz4o\/?utm_source=ig_embed&amp;utm_campaign=loading\" target=\"_blank\" rel=\"noopener noreferrer\">Almost finished this ultra rare 1981 Mavic equipped Elro &#8211; Fermis Bank &#8211; Clemenso team bike. Bike belonged to former pro Nico van Hest.<\/a><\/p>\n<p style=\"color: #c9c8cd; font-family: Arial,sans-serif; font-size: 14px; line-height: 17px; margin-bottom: 0; margin-top: 8px; overflow: hidden; padding: 8px 0 7px; text-align: center; text-overflow: ellipsis; white-space: nowrap;\">Een bericht gedeeld door <a style=\"color: #c9c8cd; font-family: Arial,sans-serif; font-size: 14px; font-style: normal; font-weight: normal; line-height: 17px;\" href=\"https:\/\/www.instagram.com\/biciclettavintage\/?utm_source=ig_embed&amp;utm_campaign=loading\" target=\"_blank\" rel=\"noopener noreferrer\"> Bicicletta Vintage<\/a> (@biciclettavintage) op <time style=\"font-family: Arial,sans-serif; font-size: 14px; line-height: 17px;\" datetime=\"2016-09-13T10:35:32+00:00\">13 Sep 2016 om 3:35 (PDT)<\/time><\/p>\n<\/div>\n<\/blockquote>\n<p><script async=\"\" src=\"\/\/www.instagram.com\/embed.js\"><\/script><\/p>\n<div id=\"attachment_1490\" style=\"width: 610px\" class=\"wp-caption alignnone\"><a href=\"http:\/\/www.vintagefiets.be\/wp-content\/uploads\/2020\/04\/Elro-FemisBank-Clemenso.jpg\"><img loading=\"lazy\" decoding=\"async\" aria-describedby=\"caption-attachment-1490\" class=\"size-full wp-image-1490\" src=\"http:\/\/www.vintagefiets.be\/wp-content\/uploads\/2020\/04\/Elro-FemisBank-Clemenso.jpg\" alt=\"\" width=\"600\" height=\"442\" srcset=\"https:\/\/www.vintagefiets.be\/wp-content\/uploads\/2020\/04\/Elro-FemisBank-Clemenso.jpg 600w, https:\/\/www.vintagefiets.be\/wp-content\/uploads\/2020\/04\/Elro-FemisBank-Clemenso-300x221.jpg 300w\" sizes=\"auto, (max-width: 600px) 100vw, 600px\" \/><\/a><p id=\"caption-attachment-1490\" class=\"wp-caption-text\">Professional team Femis Bank - Elro Snacks - Pony from 1981 on bicycles of the Clemenso brand<\/p><\/div>\n<h3><strong><a id=\"Corona\"><\/a>Corona<\/strong><\/h3>\n<p>Brand of the Roelens - Thoria brothers from Torhout<\/p>\n<div id=\"attachment_1492\" style=\"width: 970px\" class=\"wp-caption alignnone\"><a href=\"http:\/\/www.vintagefiets.be\/wp-content\/uploads\/2020\/04\/Corona-Erik-Boelen-01.jpg\"><img loading=\"lazy\" decoding=\"async\" aria-describedby=\"caption-attachment-1492\" class=\"size-full wp-image-1492\" src=\"http:\/\/www.vintagefiets.be\/wp-content\/uploads\/2020\/04\/Corona-Erik-Boelen-01.jpg\" alt=\"Corona gebroeders Roelens Torhout\" width=\"960\" height=\"643\" srcset=\"https:\/\/www.vintagefiets.be\/wp-content\/uploads\/2020\/04\/Corona-Erik-Boelen-01.jpg 960w, https:\/\/www.vintagefiets.be\/wp-content\/uploads\/2020\/04\/Corona-Erik-Boelen-01-300x201.jpg 300w, https:\/\/www.vintagefiets.be\/wp-content\/uploads\/2020\/04\/Corona-Erik-Boelen-01-768x514.jpg 768w\" sizes=\"auto, (max-width: 960px) 100vw, 960px\" \/><\/a><p id=\"caption-attachment-1492\" class=\"wp-caption-text\">Corona bike from private collection of Erik Boelen<\/p><\/div>\n<div id=\"attachment_1493\" style=\"width: 970px\" class=\"wp-caption alignnone\"><a href=\"http:\/\/www.vintagefiets.be\/wp-content\/uploads\/2020\/04\/Corona-Erik-Boelen-02.jpg\"><img loading=\"lazy\" decoding=\"async\" aria-describedby=\"caption-attachment-1493\" class=\"size-full wp-image-1493\" src=\"http:\/\/www.vintagefiets.be\/wp-content\/uploads\/2020\/04\/Corona-Erik-Boelen-02.jpg\" alt=\"Corana gebroeders Roelens\" width=\"960\" height=\"720\" srcset=\"https:\/\/www.vintagefiets.be\/wp-content\/uploads\/2020\/04\/Corona-Erik-Boelen-02.jpg 960w, https:\/\/www.vintagefiets.be\/wp-content\/uploads\/2020\/04\/Corona-Erik-Boelen-02-300x225.jpg 300w, https:\/\/www.vintagefiets.be\/wp-content\/uploads\/2020\/04\/Corona-Erik-Boelen-02-768x576.jpg 768w\" sizes=\"auto, (max-width: 960px) 100vw, 960px\" \/><\/a><p id=\"caption-attachment-1493\" class=\"wp-caption-text\">Corona bike from private collection of Erik Boelen<\/p><\/div>\n<h3><strong><a id=\"Andere\"><\/a>Other Belgian bicycle brands with an Italian name<\/strong><\/h3>\n<ul>\n<li>Rogeri: from Rogeri Bike Shop in Bocholt. They also make bicycle clothing<\/li>\n<li>Primorosso: from Primator Zwijndrecht<\/li>\n<li>Superia: after a quarrel between the 2 brothers Aim\u00e9 and R\u00e9my Claeys, Aim\u00e9 decides to set up the bicycle brand Superia<\/li>\n<li>Barrosi &#8211; Donadi Cycles Steenokkerzeel<\/li>\n<li>Lugano<\/li>\n<li>Lanciano<\/li>\n<li>Sangiorgio<\/li>\n<li>Primavera<\/li>\n<li>Delira<\/li>\n<li>Bercinni<\/li>\n<li>Luverdy: since 1993 brand of Ludo Verdyck from Brasschaat, Luverdy is now in the group iBike of Marc Groven<\/li>\n<li>Finila: bicycle brand of FIetsen NIco LAuwaert from Beveren Waas<\/li>\n<li>Bogardi: bicycle brand from Andr\u00e9 Bogaert from Koersel (Beringen)<\/li>\n<li>Uberto: bicycle brand from Hubert Vansteelant from La Louvi\u00e8re<\/li>\n<li>Arezzo: The Belgian bicycle brand Norta once marketed a series of racing bicycles that were named Arezzo. How Norta got this name is unknown to me. The only Arezzo I know is the Tuscan city of Arezzo.<\/li>\n<\/ul>\n<p><img decoding=\"async\" src=\"https:\/\/scontent-bru2-1.xx.fbcdn.net\/v\/t39.30808-6\/327429074_1044563526937277_8455107213186335545_n.jpg?_nc_cat=111&amp;ccb=1-7&amp;_nc_sid=5cd70e&amp;_nc_ohc=A7ZABzKFDjcAX93mg5I&amp;_nc_ht=scontent-bru2-1.xx&amp;oh=00_AfBc4Obn4gEhdu-N34HREdB2z45M1mNgfyWn0OoenBXEYw&amp;oe=63E270BB\" alt=\"Kan een afbeelding zijn van fiets\" \/><\/p>\n<p><a href=\"https:\/\/www.vintagefiets.be\/wp-content\/uploads\/2020\/04\/Lanciano-koersfiets.jpg\"><img loading=\"lazy\" decoding=\"async\" class=\"alignnone size-large wp-image-3058\" src=\"https:\/\/www.vintagefiets.be\/wp-content\/uploads\/2020\/04\/Lanciano-koersfiets-1024x496.jpg\" alt=\"Lanciano koersfiets\" width=\"1024\" height=\"496\" srcset=\"https:\/\/www.vintagefiets.be\/wp-content\/uploads\/2020\/04\/Lanciano-koersfiets-980x474.jpg 980w, https:\/\/www.vintagefiets.be\/wp-content\/uploads\/2020\/04\/Lanciano-koersfiets-480x232.jpg 480w\" sizes=\"auto, (min-width: 0px) and (max-width: 480px) 480px, (min-width: 481px) and (max-width: 980px) 980px, (min-width: 981px) 1024px, 100vw\" \/><\/a><\/p>\n\n\n<figure class=\"wp-block-image size-large\"><a href=\"https:\/\/www.vintagefiets.be\/wp-content\/uploads\/2023\/06\/Arezzo-02.jpg\"><img loading=\"lazy\" decoding=\"async\" width=\"1024\" height=\"1024\" src=\"https:\/\/www.vintagefiets.be\/wp-content\/uploads\/2023\/06\/Arezzo-02-1024x1024.jpg\" alt=\"\" class=\"wp-image-5440\" srcset=\"https:\/\/www.vintagefiets.be\/wp-content\/uploads\/2023\/06\/Arezzo-02-980x980.jpg 980w, https:\/\/www.vintagefiets.be\/wp-content\/uploads\/2023\/06\/Arezzo-02-480x480.jpg 480w\" sizes=\"auto, (min-width: 0px) and (max-width: 480px) 480px, (min-width: 481px) and (max-width: 980px) 980px, (min-width: 981px) 1024px, 100vw\" \/><\/a><\/figure>","protected":false},"excerpt":{"rendered":"<p>Anyone interested in the world of vintage racing bicycles has certainly noticed that there are many bicycles in Belgium with an Italian name, but that are still typically Belgian. Which are they and why?<\/p>","protected":false},"author":1,"featured_media":1450,"comment_status":"open","ping_status":"open","sticky":false,"template":"","format":"standard","meta":{"_et_pb_use_builder":"","_et_pb_old_content":"","_et_gb_content_width":"","footnotes":""},"categories":[10,72],"tags":[175,164,180,169,189,166,168,176,178,4,190,177,14,112,179],"class_list":["post-1487","post","type-post","status-publish","format-standard","has-post-thumbnail","hentry","category-belgische-fietsmerken","category-blog","tag-ampello","tag-belgische-fietsenproducenten","tag-capino","tag-carillo","tag-clemenso","tag-colnero","tag-comati","tag-fangio","tag-giacomelli","tag-martelly","tag-scatto","tag-u-scanini","tag-venturelli","tag-vintage-fietsen","tag-zannata"],"aioseo_notices":[],"_links":{"self":[{"href":"https:\/\/www.vintagefiets.be\/en\/wp-json\/wp\/v2\/posts\/1487","targetHints":{"allow":["GET"]}}],"collection":[{"href":"https:\/\/www.vintagefiets.be\/en\/wp-json\/wp\/v2\/posts"}],"about":[{"href":"https:\/\/www.vintagefiets.be\/en\/wp-json\/wp\/v2\/types\/post"}],"author":[{"embeddable":true,"href":"https:\/\/www.vintagefiets.be\/en\/wp-json\/wp\/v2\/users\/1"}],"replies":[{"embeddable":true,"href":"https:\/\/www.vintagefiets.be\/en\/wp-json\/wp\/v2\/comments?post=1487"}],"version-history":[{"count":21,"href":"https:\/\/www.vintagefiets.be\/en\/wp-json\/wp\/v2\/posts\/1487\/revisions"}],"predecessor-version":[{"id":5441,"href":"https:\/\/www.vintagefiets.be\/en\/wp-json\/wp\/v2\/posts\/1487\/revisions\/5441"}],"wp:featuredmedia":[{"embeddable":true,"href":"https:\/\/www.vintagefiets.be\/en\/wp-json\/wp\/v2\/media\/1450"}],"wp:attachment":[{"href":"https:\/\/www.vintagefiets.be\/en\/wp-json\/wp\/v2\/media?parent=1487"}],"wp:term":[{"taxonomy":"category","embeddable":true,"href":"https:\/\/www.vintagefiets.be\/en\/wp-json\/wp\/v2\/categories?post=1487"},{"taxonomy":"post_tag","embeddable":true,"href":"https:\/\/www.vintagefiets.be\/en\/wp-json\/wp\/v2\/tags?post=1487"}],"curies":[{"name":"wp","href":"https:\/\/api.w.org\/{rel}","templated":true}]}}